{"id":821,"date":"2017-03-21T13:04:05","date_gmt":"2017-03-21T13:04:05","guid":{"rendered":"http:\/\/hispanisztikaszeged.hu\/?p=821"},"modified":"2017-03-21T13:05:08","modified_gmt":"2017-03-21T13:05:08","slug":"specializaciovalasztas","status":"publish","type":"post","link":"https:\/\/hispanisztikaszeged.hu\/?p=821","title":{"rendered":"Specializ\u00e1ci\u00f3v\u00e1laszt\u00e1s"},"content":{"rendered":"<div id=\"hirdetesDetails\" class=\"simple_panel d_panel\">\n<div id=\"hirdetesDetails_content\" class=\"d_panel_content\">\n<div class=\"kivonat\">Jelentkez\u00e9si id\u0151szak m\u00e1rcius 20.-26. k\u00f6z\u00f6tt (oktat\u00f3i \u00e9s hallgat\u00f3i t\u00e1j\u00e9koztat\u00f3)<\/div>\n<div class=\"szoveg formated_text\">\n<p>A 2016\/17 tan\u00e9v II. (tavaszi) f\u00e9l\u00e9v\u00e9ben a szakosod\u00e1si jelentkez\u00e9s \u00a0<strong>m\u00e1rcius 20-\u00e1n 8:00-kor indul<\/strong>\u00a0\u00e9s<strong>\u00a0m\u00e1rcius 26-\u00e1n 23:59-kor z\u00e1r\u00f3dik<\/strong>\u00a0(neptun-\u00e1t\u00e1ll\u00e1s miatt el\u0151rehozva).\u00a0Ebben az id\u0151szakban \u00e9rhet\u0151ek el a felk\u00edn\u00e1lt, karokon bel\u00fcli \u00e9s karok k\u00f6zti szakir\u00e1nyok \u00e9s specializ\u00e1ci\u00f3k a weben az &#8222;Hallgat\u00f3 \/ K\u00e9pz\u00e9s \/ Szakosod\u00e1s&#8221; men\u00fcben.<br \/>\nSpecializ\u00e1ci\u00f3t v\u00e1laszthat az az \u00c1JTK, BTK, TTIK vagy JGYPK karos hallgat\u00f3, akinek a k\u00e9pz\u00e9s\u00e9ben ez f\u00f6l van aj\u00e1nlva \u00e9s m\u00e9g nem rendelkezik specializ\u00e1ci\u00f3val. Tov\u00e1bbi inform\u00e1ci\u00f3k\u00e9rt a k\u00e9pz\u00e9s\u00e9rt felel\u0151s egys\u00e9gn\u00e9l \u00e9rdemes t\u00e1j\u00e9koz\u00f3dni.<br \/>\nVide\u00f3s\u00fag\u00f3 a jelentkez\u00e9shez:\u00a0<a href=\"http:\/\/www.youtube.com\/watch?v=G73x-UO7gdk\" target=\"_blank\">http:\/\/www.youtube.com\/watch?v=G73x-UO7gdk<br \/>\n<\/a>A megadott id\u0151ponton k\u00edv\u00fcl a jelentkez\u00e9si fel\u00fclet ebben a f\u00e9l\u00e9vben nem lesz nyitva az ETR-ben.<br \/>\nA webes b\u00edr\u00e1lati fel\u00fclet<strong>\u00a0m\u00e1rcius 27-\u00e9n reggel 8:00-t\u00f3l m\u00e1rcius 31. (p\u00e9ntek) 14:00-ig<\/strong>\u00a0\u00e9rhet\u0151 el a &#8222;Tansz\u00e9ki Adminisztr\u00e1tor \/ \u00dcgyint\u00e9z\u00e9s \/ Szakosod\u00e1s elb\u00edr\u00e1l\u00e1s&#8221; men\u00fcben.<br \/>\nA hallgat\u00f3k sz\u00e1m\u00e1ra<strong>\u00a0m\u00e1rcius 31-\u00e9n 16:00 \u00f3r\u00e1t\u00f3l v\u00e1lik l\u00e1that\u00f3v\u00e1 a d\u00f6nt\u00e9s<\/strong>, amelyre\u00a0<strong>\u00e1prilis 3\u20134. k\u00f6z\u00f6tt lehet a kari TO-kon reklam\u00e1ci\u00f3t beadni<\/strong>.<br \/>\nA szakosod\u00e1si d\u00f6nt\u00e9sek az egyetemi ETR-napt\u00e1r szerint\u00a0<strong>\u00e1prilis 5-\u00e9n v\u00e9gleges\u00edt\u0151dnek<\/strong>\u00a0az ETR-ben.<\/p>\n<p>ETR-\u00fczemeltet\u00e9s<\/p>\n<\/div>\n<\/div>\n<\/div>\n","protected":false},"excerpt":{"rendered":"<p>Jelentkez\u00e9si id\u0151szak m\u00e1rcius 20.-26. k\u00f6z\u00f6tt (oktat\u00f3i \u00e9s hallgat\u00f3i t\u00e1j\u00e9koztat\u00f3) A 2016\/17 tan\u00e9v II. (tavaszi) f\u00e9l\u00e9v\u00e9ben a szakosod\u00e1si jelentkez\u00e9s \u00a0m\u00e1rcius 20-\u00e1n 8:00-kor indul\u00a0\u00e9s\u00a0m\u00e1rcius 26-\u00e1n 23:59-kor z\u00e1r\u00f3dik\u00a0(neptun-\u00e1t\u00e1ll\u00e1s miatt el\u0151rehozva).\u00a0Ebben az id\u0151szakban \u00e9rhet\u0151ek el a felk\u00edn\u00e1lt, karokon bel\u00fcli \u00e9s karok k\u00f6zti szakir\u00e1nyok \u00e9s <a href=\"https:\/\/hispanisztikaszeged.hu\/?p=821\" class=\"read-more\">Read More &#8230;<\/a><\/p>\n","protected":false},"author":2,"featured_media":0,"comment_status":"closed","ping_status":"closed","sticky":false,"template":"","format":"standard","meta":{"footnotes":""},"categories":[1],"tags":[],"class_list":["post-821","post","type-post","status-publish","format-standard","hentry","category-egyeb"],"_links":{"self":[{"href":"https:\/\/hispanisztikaszeged.hu\/index.php?rest_route=\/wp\/v2\/posts\/821","targetHints":{"allow":["GET"]}}],"collection":[{"href":"https:\/\/hispanisztikaszeged.hu\/index.php?rest_route=\/wp\/v2\/posts"}],"about":[{"href":"https:\/\/hispanisztikaszeged.hu\/index.php?rest_route=\/wp\/v2\/types\/post"}],"author":[{"embeddable":true,"href":"https:\/\/hispanisztikaszeged.hu\/index.php?rest_route=\/wp\/v2\/users\/2"}],"replies":[{"embeddable":true,"href":"https:\/\/hispanisztikaszeged.hu\/index.php?rest_route=%2Fwp%2Fv2%2Fcomments&post=821"}],"version-history":[{"count":1,"href":"https:\/\/hispanisztikaszeged.hu\/index.php?rest_route=\/wp\/v2\/posts\/821\/revisions"}],"predecessor-version":[{"id":822,"href":"https:\/\/hispanisztikaszeged.hu\/index.php?rest_route=\/wp\/v2\/posts\/821\/revisions\/822"}],"wp:attachment":[{"href":"https:\/\/hispanisztikaszeged.hu\/index.php?rest_route=%2Fwp%2Fv2%2Fmedia&parent=821"}],"wp:term":[{"taxonomy":"category","embeddable":true,"href":"https:\/\/hispanisztikaszeged.hu\/index.php?rest_route=%2Fwp%2Fv2%2Fcategories&post=821"},{"taxonomy":"post_tag","embeddable":true,"href":"https:\/\/hispanisztikaszeged.hu\/index.php?rest_route=%2Fwp%2Fv2%2Ftags&post=821"}],"curies":[{"name":"wp","href":"https:\/\/api.w.org\/{rel}","templated":true}]}}