{"id":703,"date":"2017-02-02T13:15:30","date_gmt":"2017-02-02T13:15:30","guid":{"rendered":"http:\/\/hispanisztikaszeged.hu\/?p=703"},"modified":"2017-02-02T13:16:28","modified_gmt":"2017-02-02T13:16:28","slug":"anderle-adam-konyvbemutato-es-emlekkonferencia","status":"publish","type":"post","link":"https:\/\/hispanisztikaszeged.hu\/?p=703","title":{"rendered":"Anderle \u00c1d\u00e1m k\u00f6nyvbemutat\u00f3 \u00e9s eml\u00e9kkonferencia"},"content":{"rendered":"<p>A Szegedi Tudom\u00e1nyegyetem Hispanisztika Tansz\u00e9ke \u00e9s az \u00dajkori Egyetemes T\u00f6rt\u00e9neti \u00e9s Mediterr\u00e1n Tanulm\u00e1nyok Tansz\u00e9ke tisztelettel megh\u00edvja \u00d6nt <strong>Dr. ANDERLE \u00c1D\u00c1M <\/strong>eml\u00e9ke el\u0151tt tisztelg\u0151 k\u00f6nyv- \u00e9s foly\u00f3irat bemutat\u00f3val egybek\u00f6t\u00f6tt konferenci\u00e1j\u00e1ra 2017. febru\u00e1r 24-\u00e9n.<\/p>\n<p><a href=\"https:\/\/hispanisztikaszeged.hu\/wp-content\/uploads\/2017\/02\/A\u00c1mh.pdf\">Megh\u00edv\u00f3<\/a><\/p>\n","protected":false},"excerpt":{"rendered":"<p>A Szegedi Tudom\u00e1nyegyetem Hispanisztika Tansz\u00e9ke \u00e9s az \u00dajkori Egyetemes T\u00f6rt\u00e9neti \u00e9s Mediterr\u00e1n Tanulm\u00e1nyok Tansz\u00e9ke tisztelettel megh\u00edvja \u00d6nt Dr. ANDERLE \u00c1D\u00c1M eml\u00e9ke el\u0151tt tisztelg\u0151 k\u00f6nyv- \u00e9s foly\u00f3irat bemutat\u00f3val egybek\u00f6t\u00f6tt konferenci\u00e1j\u00e1ra 2017. febru\u00e1r 24-\u00e9n. Megh\u00edv\u00f3<\/p>\n","protected":false},"author":2,"featured_media":0,"comment_status":"closed","ping_status":"closed","sticky":false,"template":"","format":"standard","meta":{"footnotes":""},"categories":[1],"tags":[],"class_list":["post-703","post","type-post","status-publish","format-standard","hentry","category-egyeb"],"_links":{"self":[{"href":"https:\/\/hispanisztikaszeged.hu\/index.php?rest_route=\/wp\/v2\/posts\/703","targetHints":{"allow":["GET"]}}],"collection":[{"href":"https:\/\/hispanisztikaszeged.hu\/index.php?rest_route=\/wp\/v2\/posts"}],"about":[{"href":"https:\/\/hispanisztikaszeged.hu\/index.php?rest_route=\/wp\/v2\/types\/post"}],"author":[{"embeddable":true,"href":"https:\/\/hispanisztikaszeged.hu\/index.php?rest_route=\/wp\/v2\/users\/2"}],"replies":[{"embeddable":true,"href":"https:\/\/hispanisztikaszeged.hu\/index.php?rest_route=%2Fwp%2Fv2%2Fcomments&post=703"}],"version-history":[{"count":2,"href":"https:\/\/hispanisztikaszeged.hu\/index.php?rest_route=\/wp\/v2\/posts\/703\/revisions"}],"predecessor-version":[{"id":706,"href":"https:\/\/hispanisztikaszeged.hu\/index.php?rest_route=\/wp\/v2\/posts\/703\/revisions\/706"}],"wp:attachment":[{"href":"https:\/\/hispanisztikaszeged.hu\/index.php?rest_route=%2Fwp%2Fv2%2Fmedia&parent=703"}],"wp:term":[{"taxonomy":"category","embeddable":true,"href":"https:\/\/hispanisztikaszeged.hu\/index.php?rest_route=%2Fwp%2Fv2%2Fcategories&post=703"},{"taxonomy":"post_tag","embeddable":true,"href":"https:\/\/hispanisztikaszeged.hu\/index.php?rest_route=%2Fwp%2Fv2%2Ftags&post=703"}],"curies":[{"name":"wp","href":"https:\/\/api.w.org\/{rel}","templated":true}]}}