{"id":1993,"date":"2023-09-19T09:34:42","date_gmt":"2023-09-19T07:34:42","guid":{"rendered":"http:\/\/hispanisztikaszeged.hu\/?p=1993"},"modified":"2023-09-19T09:40:39","modified_gmt":"2023-09-19T07:40:39","slug":"homo-hispanisticus-palyazati-felhivas-2024","status":"publish","type":"post","link":"https:\/\/hispanisztikaszeged.hu\/?p=1993","title":{"rendered":"HOMO HISPANISTICUS P\u00c1LY\u00c1ZATI FELH\u00cdV\u00c1S 2024"},"content":{"rendered":"<p><span style=\"color: #003366;\">A <strong><em>Homo Hispanisticus<\/em><\/strong> foly\u00f3irat a Hispanisztika Tansz\u00e9k hallgat\u00f3inak munk\u00e1it jelenteti meg id\u0151szakos kiadv\u00e1nyk\u00e9nt 1994 \u00f3ta.<\/span><\/p>\n<p><span style=\"color: #003366;\">A kor\u00e1bbi sz\u00e1mok innen let\u00f6lthet\u0151k: <strong><a style=\"color: #003366;\" href=\"https:\/\/hispanisztikaszeged.hu\/?page_id=189\">https:\/\/hispanisztikaszeged.hu\/?page_id=189<\/a><\/strong><\/span><\/p>\n<p><span style=\"color: #003366;\">A 2024-ben megjelen\u0151 sz\u00e1mba v\u00e1rjuk hallgat\u00f3ink \u00edr\u00e1sait az al\u00e1bbi kateg\u00f3ri\u00e1kban:<\/span><\/p>\n<ul>\n<li><span style=\"color: #003366;\"><strong>saj\u00e1t alkot\u00e1s<\/strong> (vers\/pr\u00f3za\/dr\u00e1ma; spanyol \u00e9s katal\u00e1n nyelveken);<\/span><\/li>\n<li><span style=\"color: #003366;\"><strong>m\u0171ford\u00edt\u00e1s<\/strong> (vers\/pr\u00f3za\/dr\u00e1ma; spanyolr\u00f3l-magyarra \/ katal\u00e1nr\u00f3l-magyarra \/ magyarr\u00f3l-spanyolra \/ magyarr\u00f3l-katal\u00e1nra);<\/span><\/li>\n<li><span style=\"color: #003366;\"><strong>tudom\u00e1nyos munka<\/strong> (pl.: tanulm\u00e1ny, recenzi\u00f3; \u00e9vfolyamdolgozat spanyol\/katal\u00e1n nyelveken).<\/span><\/li>\n<\/ul>\n<p><span style=\"color: #003366;\">M\u0171ford\u00edt\u00e1sok eset\u00e9ben k\u00e9rj\u00fck, hogy az eredeti sz\u00f6veget is mell\u00e9kelj\u00e9k a ford\u00edt\u00e1shoz.<\/span><\/p>\n<p><span style=\"color: #003366;\">A p\u00e1ly\u00e1zatokat\u00a0 a <strong><a style=\"color: #003366;\" href=\"mailto:katonaeszter@gmail.com\">katonaeszter @ gmail.com<\/a><\/strong> c\u00edmre v\u00e1rjuk.<\/span><\/p>\n<p><span style=\"color: #003366;\"><strong>Bek\u00fcld\u00e9si hat\u00e1rid\u0151: 2023. december 1.<\/strong><\/span><\/p>\n<p><span style=\"color: #003366;\">Tov\u00e1bbi inform\u00e1ci\u00f3\u00e9rt Katona Esztern\u00e9l \u00e9rdekl\u0151djenek.<\/span><\/p>\n","protected":false},"excerpt":{"rendered":"<p>A Homo Hispanisticus foly\u00f3irat a Hispanisztika Tansz\u00e9k hallgat\u00f3inak munk\u00e1it jelenteti meg id\u0151szakos kiadv\u00e1nyk\u00e9nt 1994 \u00f3ta. A kor\u00e1bbi sz\u00e1mok innen let\u00f6lthet\u0151k: https:\/\/hispanisztikaszeged.hu\/?page_id=189 A 2024-ben megjelen\u0151 sz\u00e1mba v\u00e1rjuk hallgat\u00f3ink \u00edr\u00e1sait az al\u00e1bbi kateg\u00f3ri\u00e1kban: saj\u00e1t alkot\u00e1s (vers\/pr\u00f3za\/dr\u00e1ma; spanyol \u00e9s katal\u00e1n nyelveken); m\u0171ford\u00edt\u00e1s (vers\/pr\u00f3za\/dr\u00e1ma; <a href=\"https:\/\/hispanisztikaszeged.hu\/?p=1993\" class=\"read-more\">Read More &#8230;<\/a><\/p>\n","protected":false},"author":2,"featured_media":0,"comment_status":"closed","ping_status":"closed","sticky":false,"template":"","format":"standard","meta":{"footnotes":""},"categories":[1],"tags":[],"class_list":["post-1993","post","type-post","status-publish","format-standard","hentry","category-egyeb"],"_links":{"self":[{"href":"https:\/\/hispanisztikaszeged.hu\/index.php?rest_route=\/wp\/v2\/posts\/1993","targetHints":{"allow":["GET"]}}],"collection":[{"href":"https:\/\/hispanisztikaszeged.hu\/index.php?rest_route=\/wp\/v2\/posts"}],"about":[{"href":"https:\/\/hispanisztikaszeged.hu\/index.php?rest_route=\/wp\/v2\/types\/post"}],"author":[{"embeddable":true,"href":"https:\/\/hispanisztikaszeged.hu\/index.php?rest_route=\/wp\/v2\/users\/2"}],"replies":[{"embeddable":true,"href":"https:\/\/hispanisztikaszeged.hu\/index.php?rest_route=%2Fwp%2Fv2%2Fcomments&post=1993"}],"version-history":[{"count":2,"href":"https:\/\/hispanisztikaszeged.hu\/index.php?rest_route=\/wp\/v2\/posts\/1993\/revisions"}],"predecessor-version":[{"id":1995,"href":"https:\/\/hispanisztikaszeged.hu\/index.php?rest_route=\/wp\/v2\/posts\/1993\/revisions\/1995"}],"wp:attachment":[{"href":"https:\/\/hispanisztikaszeged.hu\/index.php?rest_route=%2Fwp%2Fv2%2Fmedia&parent=1993"}],"wp:term":[{"taxonomy":"category","embeddable":true,"href":"https:\/\/hispanisztikaszeged.hu\/index.php?rest_route=%2Fwp%2Fv2%2Fcategories&post=1993"},{"taxonomy":"post_tag","embeddable":true,"href":"https:\/\/hispanisztikaszeged.hu\/index.php?rest_route=%2Fwp%2Fv2%2Ftags&post=1993"}],"curies":[{"name":"wp","href":"https:\/\/api.w.org\/{rel}","templated":true}]}}