{"id":1864,"date":"2022-11-11T12:36:13","date_gmt":"2022-11-11T11:36:13","guid":{"rendered":"http:\/\/hispanisztikaszeged.hu\/?p=1864"},"modified":"2022-11-14T08:20:19","modified_gmt":"2022-11-14T07:20:19","slug":"conferencias-de-dr-habil-andrzej-zielinski","status":"publish","type":"post","link":"https:\/\/hispanisztikaszeged.hu\/?p=1864","title":{"rendered":"Conferencia del Dr. habil. Andrzej Zieli\u0144ski"},"content":{"rendered":"<p>El Departamento de Estudios Hisp\u00e1nicos avisa a todos los interesados que<br \/>\nel Dr. habil. Andrzej Zieli\u0144ski, profesor de la Universidad Jaguel\u00f3nica de Cracovia<br \/>\nvisitar\u00e1 nuestro Departamento y dictar\u00e1 las siguientes conferencias:<\/p>\n<p>\u201cLas f\u00f3rmulas de saludo y de despedida en las lenguas rom\u00e1nicas\u201d<br \/>\nmartes 15 de noviembre, a las 12.45 horas, aula de seminarios<\/p>\n<p>\u201cPer\u00edfrasis verbales en espa\u00f1ol: su sincron\u00eda y diacron\u00eda\u201d<br \/>\nmartes 15 de noviembre, a las 14.45 horas aula 223 (edificio Pet\u0151fi)<\/p>\n","protected":false},"excerpt":{"rendered":"<p>El Departamento de Estudios Hisp\u00e1nicos avisa a todos los interesados que el Dr. habil. Andrzej Zieli\u0144ski, profesor de la Universidad Jaguel\u00f3nica de Cracovia visitar\u00e1 nuestro Departamento y dictar\u00e1 las siguientes conferencias: \u201cLas f\u00f3rmulas de saludo y de despedida en las <a href=\"https:\/\/hispanisztikaszeged.hu\/?p=1864\" class=\"read-more\">Read More &#8230;<\/a><\/p>\n","protected":false},"author":2,"featured_media":0,"comment_status":"closed","ping_status":"closed","sticky":false,"template":"","format":"standard","meta":{"footnotes":""},"categories":[1],"tags":[],"class_list":["post-1864","post","type-post","status-publish","format-standard","hentry","category-egyeb"],"_links":{"self":[{"href":"https:\/\/hispanisztikaszeged.hu\/index.php?rest_route=\/wp\/v2\/posts\/1864","targetHints":{"allow":["GET"]}}],"collection":[{"href":"https:\/\/hispanisztikaszeged.hu\/index.php?rest_route=\/wp\/v2\/posts"}],"about":[{"href":"https:\/\/hispanisztikaszeged.hu\/index.php?rest_route=\/wp\/v2\/types\/post"}],"author":[{"embeddable":true,"href":"https:\/\/hispanisztikaszeged.hu\/index.php?rest_route=\/wp\/v2\/users\/2"}],"replies":[{"embeddable":true,"href":"https:\/\/hispanisztikaszeged.hu\/index.php?rest_route=%2Fwp%2Fv2%2Fcomments&post=1864"}],"version-history":[{"count":2,"href":"https:\/\/hispanisztikaszeged.hu\/index.php?rest_route=\/wp\/v2\/posts\/1864\/revisions"}],"predecessor-version":[{"id":1866,"href":"https:\/\/hispanisztikaszeged.hu\/index.php?rest_route=\/wp\/v2\/posts\/1864\/revisions\/1866"}],"wp:attachment":[{"href":"https:\/\/hispanisztikaszeged.hu\/index.php?rest_route=%2Fwp%2Fv2%2Fmedia&parent=1864"}],"wp:term":[{"taxonomy":"category","embeddable":true,"href":"https:\/\/hispanisztikaszeged.hu\/index.php?rest_route=%2Fwp%2Fv2%2Fcategories&post=1864"},{"taxonomy":"post_tag","embeddable":true,"href":"https:\/\/hispanisztikaszeged.hu\/index.php?rest_route=%2Fwp%2Fv2%2Ftags&post=1864"}],"curies":[{"name":"wp","href":"https:\/\/api.w.org\/{rel}","templated":true}]}}