{"id":1752,"date":"2022-03-16T09:17:02","date_gmt":"2022-03-16T08:17:02","guid":{"rendered":"http:\/\/hispanisztikaszeged.hu\/?p=1752"},"modified":"2022-03-16T09:17:02","modified_gmt":"2022-03-16T08:17:02","slug":"szakiranyvalasztas-2021-2022ii-felev","status":"publish","type":"post","link":"https:\/\/hispanisztikaszeged.hu\/?p=1752","title":{"rendered":"Szakir\u00e1nyv\u00e1laszt\u00e1s 2021-2022\/II. f\u00e9l\u00e9v"},"content":{"rendered":"<p><span style=\"color: #003366;\">Kedves Hallgat\u00f3k!<\/span><\/p>\n<p><span style=\"color: #003366;\">Tansz\u00e9k\u00fcnk\u00f6n az al\u00e1bbi minor \u00e9s specializ\u00e1ci\u00f3k k\u00f6z\u00fcl v\u00e1laszthatnak, melyekr\u0151l 2022. m\u00e1rcius 29-\u00e9n 18.00\u00a0 t\u00e1j\u00e9koztat\u00f3t tartunk a Spanyol el\u0151ad\u00f3teremben (Pet\u0151fi \u00e9p\u00fclet f\u00f6ldszint)<\/span><br \/>\n<span style=\"color: #003366;\"> Szakosod\u00e1sra jelentkez\u00e9s a tanulm\u00e1nyi rendszer webes fel\u00fclet\u00e9n kereszt\u00fcl 2022.04.04-10. k\u00f6z\u00f6tt lesz.<\/span><br \/>\n<span style=\"color: #003366;\"> A k\u00e9pz\u00e9sekr\u0151l le\u00edr\u00e1s <a style=\"color: #003366;\" href=\"https:\/\/hispanisztikaszeged.hu\/?page_id=245\">ezen<\/a> az oldalon tal\u00e1lhat\u00f3.<\/span><\/p>\n<p><del><a href=\"https:\/\/hispanisztikaszeged.hu\/wp-content\/uploads\/2018\/03\/katalan2013.png\"><img loading=\"lazy\" decoding=\"async\" class=\"alignnone size-medium wp-image-1099\" src=\"https:\/\/hispanisztikaszeged.hu\/wp-content\/uploads\/2018\/03\/katalan2013-300x212.png\" alt=\"katalan2013\" width=\"300\" height=\"212\" srcset=\"https:\/\/hispanisztikaszeged.hu\/wp-content\/uploads\/2018\/03\/katalan2013-300x212.png 300w, https:\/\/hispanisztikaszeged.hu\/wp-content\/uploads\/2018\/03\/katalan2013-768x543.png 768w, https:\/\/hispanisztikaszeged.hu\/wp-content\/uploads\/2018\/03\/katalan2013-360x255.png 360w, https:\/\/hispanisztikaszeged.hu\/wp-content\/uploads\/2018\/03\/katalan2013.png 885w\" sizes=\"auto, (max-width: 300px) 100vw, 300px\" \/><\/a><a href=\"https:\/\/hispanisztikaszeged.hu\/wp-content\/uploads\/2018\/03\/spat_foldresz2013.png\"><img loading=\"lazy\" decoding=\"async\" class=\"alignnone size-medium wp-image-1101\" src=\"https:\/\/hispanisztikaszeged.hu\/wp-content\/uploads\/2018\/03\/spat_foldresz2013-300x212.png\" alt=\"spat_foldresz2013\" width=\"300\" height=\"212\" srcset=\"https:\/\/hispanisztikaszeged.hu\/wp-content\/uploads\/2018\/03\/spat_foldresz2013-300x212.png 300w, https:\/\/hispanisztikaszeged.hu\/wp-content\/uploads\/2018\/03\/spat_foldresz2013-768x544.png 768w, https:\/\/hispanisztikaszeged.hu\/wp-content\/uploads\/2018\/03\/spat_foldresz2013-360x255.png 360w, https:\/\/hispanisztikaszeged.hu\/wp-content\/uploads\/2018\/03\/spat_foldresz2013.png 883w\" sizes=\"auto, (max-width: 300px) 100vw, 300px\" \/><\/a><a href=\"https:\/\/hispanisztikaszeged.hu\/wp-content\/uploads\/2018\/03\/spminor2013.png\"><img loading=\"lazy\" decoding=\"async\" class=\"alignnone size-medium wp-image-1102\" src=\"https:\/\/hispanisztikaszeged.hu\/wp-content\/uploads\/2018\/03\/spminor2013-300x211.png\" alt=\"spminor2013\" width=\"300\" height=\"211\" srcset=\"https:\/\/hispanisztikaszeged.hu\/wp-content\/uploads\/2018\/03\/spminor2013-300x211.png 300w, https:\/\/hispanisztikaszeged.hu\/wp-content\/uploads\/2018\/03\/spminor2013-768x541.png 768w, https:\/\/hispanisztikaszeged.hu\/wp-content\/uploads\/2018\/03\/spminor2013-360x253.png 360w, https:\/\/hispanisztikaszeged.hu\/wp-content\/uploads\/2018\/03\/spminor2013.png 882w\" sizes=\"auto, (max-width: 300px) 100vw, 300px\" \/><\/a><\/p>\n<p><\/del><\/p>\n","protected":false},"excerpt":{"rendered":"<p>Kedves Hallgat\u00f3k! Tansz\u00e9k\u00fcnk\u00f6n az al\u00e1bbi minor \u00e9s specializ\u00e1ci\u00f3k k\u00f6z\u00fcl v\u00e1laszthatnak, melyekr\u0151l 2022. m\u00e1rcius 29-\u00e9n 18.00\u00a0 t\u00e1j\u00e9koztat\u00f3t tartunk a Spanyol el\u0151ad\u00f3teremben (Pet\u0151fi \u00e9p\u00fclet f\u00f6ldszint) Szakosod\u00e1sra jelentkez\u00e9s a tanulm\u00e1nyi rendszer webes fel\u00fclet\u00e9n kereszt\u00fcl 2022.04.04-10. k\u00f6z\u00f6tt lesz. A k\u00e9pz\u00e9sekr\u0151l le\u00edr\u00e1s ezen az oldalon <a href=\"https:\/\/hispanisztikaszeged.hu\/?p=1752\" class=\"read-more\">Read More &#8230;<\/a><\/p>\n","protected":false},"author":2,"featured_media":0,"comment_status":"closed","ping_status":"closed","sticky":false,"template":"","format":"standard","meta":{"footnotes":""},"categories":[1],"tags":[],"class_list":["post-1752","post","type-post","status-publish","format-standard","hentry","category-egyeb"],"_links":{"self":[{"href":"https:\/\/hispanisztikaszeged.hu\/index.php?rest_route=\/wp\/v2\/posts\/1752","targetHints":{"allow":["GET"]}}],"collection":[{"href":"https:\/\/hispanisztikaszeged.hu\/index.php?rest_route=\/wp\/v2\/posts"}],"about":[{"href":"https:\/\/hispanisztikaszeged.hu\/index.php?rest_route=\/wp\/v2\/types\/post"}],"author":[{"embeddable":true,"href":"https:\/\/hispanisztikaszeged.hu\/index.php?rest_route=\/wp\/v2\/users\/2"}],"replies":[{"embeddable":true,"href":"https:\/\/hispanisztikaszeged.hu\/index.php?rest_route=%2Fwp%2Fv2%2Fcomments&post=1752"}],"version-history":[{"count":2,"href":"https:\/\/hispanisztikaszeged.hu\/index.php?rest_route=\/wp\/v2\/posts\/1752\/revisions"}],"predecessor-version":[{"id":2500,"href":"https:\/\/hispanisztikaszeged.hu\/index.php?rest_route=\/wp\/v2\/posts\/1752\/revisions\/2500"}],"wp:attachment":[{"href":"https:\/\/hispanisztikaszeged.hu\/index.php?rest_route=%2Fwp%2Fv2%2Fmedia&parent=1752"}],"wp:term":[{"taxonomy":"category","embeddable":true,"href":"https:\/\/hispanisztikaszeged.hu\/index.php?rest_route=%2Fwp%2Fv2%2Fcategories&post=1752"},{"taxonomy":"post_tag","embeddable":true,"href":"https:\/\/hispanisztikaszeged.hu\/index.php?rest_route=%2Fwp%2Fv2%2Ftags&post=1752"}],"curies":[{"name":"wp","href":"https:\/\/api.w.org\/{rel}","templated":true}]}}