{"id":1260,"date":"2019-01-28T09:16:43","date_gmt":"2019-01-28T08:16:43","guid":{"rendered":"http:\/\/hispanisztikaszeged.hu\/?p=1260"},"modified":"2019-01-28T09:16:43","modified_gmt":"2019-01-28T08:16:43","slug":"dra-andjelka-pejovic","status":"publish","type":"post","link":"https:\/\/hispanisztikaszeged.hu\/?p=1260","title":{"rendered":"DRA. ANDJELKA PEJOVI\u0106"},"content":{"rendered":"<p><strong>El Departamento de Estudios Hisp\u00e1nicos avisa a todos los interesados que LA DRA<\/strong><strong>. ANDJELKA PEJOVI\u0106, <\/strong>catedr\u00e1tica del Departamento de Estudios Ib\u00e9ricos de la Universidad de Belgrado visitar\u00e1 nuestro Departamento y dictar\u00e1 las siguientes conferencias: <strong>\u201cCuestiones de fraseolog\u00eda espa\u00f1ola\u201d <\/strong>(lunes 4 de febrero, a las 12 horas) <strong>\u201cLos tiempos del pasado en espa\u00f1ol\u201d <\/strong>(martes 5 de febrero, a las 11 horas)<br \/>\nAmbas conferencias tendr\u00e1n lugar en el aula de conferencias del Departamento de Estudios Hisp\u00e1nicos. Esperamos la asistencia de todos los interesados.<\/p>\n","protected":false},"excerpt":{"rendered":"<p>El Departamento de Estudios Hisp\u00e1nicos avisa a todos los interesados que LA DRA. ANDJELKA PEJOVI\u0106, catedr\u00e1tica del Departamento de Estudios Ib\u00e9ricos de la Universidad de Belgrado visitar\u00e1 nuestro Departamento y dictar\u00e1 las siguientes conferencias: \u201cCuestiones de fraseolog\u00eda espa\u00f1ola\u201d (lunes 4 <a href=\"https:\/\/hispanisztikaszeged.hu\/?p=1260\" class=\"read-more\">Read More &#8230;<\/a><\/p>\n","protected":false},"author":2,"featured_media":0,"comment_status":"closed","ping_status":"closed","sticky":false,"template":"","format":"standard","meta":{"footnotes":""},"categories":[1],"tags":[],"class_list":["post-1260","post","type-post","status-publish","format-standard","hentry","category-egyeb"],"_links":{"self":[{"href":"https:\/\/hispanisztikaszeged.hu\/index.php?rest_route=\/wp\/v2\/posts\/1260","targetHints":{"allow":["GET"]}}],"collection":[{"href":"https:\/\/hispanisztikaszeged.hu\/index.php?rest_route=\/wp\/v2\/posts"}],"about":[{"href":"https:\/\/hispanisztikaszeged.hu\/index.php?rest_route=\/wp\/v2\/types\/post"}],"author":[{"embeddable":true,"href":"https:\/\/hispanisztikaszeged.hu\/index.php?rest_route=\/wp\/v2\/users\/2"}],"replies":[{"embeddable":true,"href":"https:\/\/hispanisztikaszeged.hu\/index.php?rest_route=%2Fwp%2Fv2%2Fcomments&post=1260"}],"version-history":[{"count":1,"href":"https:\/\/hispanisztikaszeged.hu\/index.php?rest_route=\/wp\/v2\/posts\/1260\/revisions"}],"predecessor-version":[{"id":1261,"href":"https:\/\/hispanisztikaszeged.hu\/index.php?rest_route=\/wp\/v2\/posts\/1260\/revisions\/1261"}],"wp:attachment":[{"href":"https:\/\/hispanisztikaszeged.hu\/index.php?rest_route=%2Fwp%2Fv2%2Fmedia&parent=1260"}],"wp:term":[{"taxonomy":"category","embeddable":true,"href":"https:\/\/hispanisztikaszeged.hu\/index.php?rest_route=%2Fwp%2Fv2%2Fcategories&post=1260"},{"taxonomy":"post_tag","embeddable":true,"href":"https:\/\/hispanisztikaszeged.hu\/index.php?rest_route=%2Fwp%2Fv2%2Ftags&post=1260"}],"curies":[{"name":"wp","href":"https:\/\/api.w.org\/{rel}","templated":true}]}}