{"id":1009,"date":"2018-01-29T20:59:19","date_gmt":"2018-01-29T20:59:19","guid":{"rendered":"http:\/\/hispanisztikaszeged.hu\/?p=1009"},"modified":"2018-03-14T11:56:55","modified_gmt":"2018-03-14T10:56:55","slug":"spanyolorszag-kulturalis-oroksege-kozepiskolai-tanulmanyi-verseny","status":"publish","type":"post","link":"https:\/\/hispanisztikaszeged.hu\/?p=1009","title":{"rendered":"Spanyolorsz\u00e1g kultur\u00e1lis \u00f6r\u00f6ks\u00e9ge &#8211; K\u00f6z\u00e9piskolai tanulm\u00e1nyi verseny"},"content":{"rendered":"<p>Spanyolorsz\u00e1g kultur\u00e1lis \u00f6r\u00f6ks\u00e9ge c\u00edmmel tansz\u00e9k\u00fcnk a budapesti Cervantes Int\u00e9zet \u00e9s a budapesti Spanyol Nagyk\u00f6vets\u00e9g Oktat\u00e1si Irod\u00e1j\u00e1nak k\u00f6zrem\u0171k\u00f6d\u00e9s\u00e9vel k\u00f6z\u00e9piskolai tanulm\u00e1nyi versenyt hirdet meg. A versenyre jelentkezni a honlapunk kezd\u0151oldal\u00e1r\u00f3l el\u00e9rhet\u0151 regisztr\u00e1ci\u00f3s linken lehet. A verseny r\u00e9szleteivel kapcsolatban <a href=\"mailto: jkattinka@gmail.com\">Jancs\u00f3 Katalin<\/a>n\u00e1l lehet \u00e9rdekl\u0151dni.<\/p>\n<p><a href=\"https:\/\/hispanisztikaszeged.hu\/wp-content\/uploads\/2018\/01\/kultorokverseny1.jpg\" target=\"_blank\"><img loading=\"lazy\" decoding=\"async\" class=\"alignnone wp-image-1010 size-medium\" src=\"https:\/\/hispanisztikaszeged.hu\/wp-content\/uploads\/2018\/01\/kultorokverseny1-212x300.jpg\" alt=\"kultorokverseny1\" width=\"212\" height=\"300\" srcset=\"https:\/\/hispanisztikaszeged.hu\/wp-content\/uploads\/2018\/01\/kultorokverseny1-212x300.jpg 212w, https:\/\/hispanisztikaszeged.hu\/wp-content\/uploads\/2018\/01\/kultorokverseny1-768x1086.jpg 768w, https:\/\/hispanisztikaszeged.hu\/wp-content\/uploads\/2018\/01\/kultorokverseny1-191x270.jpg 191w, https:\/\/hispanisztikaszeged.hu\/wp-content\/uploads\/2018\/01\/kultorokverseny1.jpg 794w\" sizes=\"auto, (max-width: 212px) 100vw, 212px\" \/><\/a><a href=\"https:\/\/hispanisztikaszeged.hu\/wp-content\/uploads\/2018\/01\/kultorokverseny2.jpg\" target=\"_blank\"><img loading=\"lazy\" decoding=\"async\" class=\"alignnone wp-image-1011\" src=\"https:\/\/hispanisztikaszeged.hu\/wp-content\/uploads\/2018\/01\/kultorokverseny2-212x300.jpg\" alt=\"kultorokverseny2\" width=\"212\" height=\"300\" srcset=\"https:\/\/hispanisztikaszeged.hu\/wp-content\/uploads\/2018\/01\/kultorokverseny2-212x300.jpg 212w, https:\/\/hispanisztikaszeged.hu\/wp-content\/uploads\/2018\/01\/kultorokverseny2-768x1086.jpg 768w, https:\/\/hispanisztikaszeged.hu\/wp-content\/uploads\/2018\/01\/kultorokverseny2-191x270.jpg 191w, https:\/\/hispanisztikaszeged.hu\/wp-content\/uploads\/2018\/01\/kultorokverseny2.jpg 794w\" sizes=\"auto, (max-width: 212px) 100vw, 212px\" \/><\/a><a href=\"https:\/\/hispanisztikaszeged.hu\/wp-content\/uploads\/2018\/01\/kultorokverseny3.jpg\" target=\"_blank\"><img loading=\"lazy\" decoding=\"async\" class=\"alignnone wp-image-1012 size-medium\" src=\"https:\/\/hispanisztikaszeged.hu\/wp-content\/uploads\/2018\/01\/kultorokverseny3-212x300.jpg\" alt=\"kultorokverseny3\" width=\"212\" height=\"300\" srcset=\"https:\/\/hispanisztikaszeged.hu\/wp-content\/uploads\/2018\/01\/kultorokverseny3-212x300.jpg 212w, https:\/\/hispanisztikaszeged.hu\/wp-content\/uploads\/2018\/01\/kultorokverseny3-768x1086.jpg 768w, https:\/\/hispanisztikaszeged.hu\/wp-content\/uploads\/2018\/01\/kultorokverseny3-191x270.jpg 191w, https:\/\/hispanisztikaszeged.hu\/wp-content\/uploads\/2018\/01\/kultorokverseny3.jpg 794w\" sizes=\"auto, (max-width: 212px) 100vw, 212px\" \/><\/a><\/p>\n<p><a href=\"https:\/\/hispanisztikaszeged.hu\/wp-content\/uploads\/2018\/01\/concursopatrimoniocult1.jpg\" target=\"_blank\"><img loading=\"lazy\" decoding=\"async\" class=\"alignnone wp-image-1013 size-medium\" src=\"https:\/\/hispanisztikaszeged.hu\/wp-content\/uploads\/2018\/01\/concursopatrimoniocult1-212x300.jpg\" alt=\"concursopatrimoniocult1\" width=\"212\" height=\"300\" srcset=\"https:\/\/hispanisztikaszeged.hu\/wp-content\/uploads\/2018\/01\/concursopatrimoniocult1-212x300.jpg 212w, https:\/\/hispanisztikaszeged.hu\/wp-content\/uploads\/2018\/01\/concursopatrimoniocult1-768x1086.jpg 768w, https:\/\/hispanisztikaszeged.hu\/wp-content\/uploads\/2018\/01\/concursopatrimoniocult1-191x270.jpg 191w, https:\/\/hispanisztikaszeged.hu\/wp-content\/uploads\/2018\/01\/concursopatrimoniocult1.jpg 794w\" sizes=\"auto, (max-width: 212px) 100vw, 212px\" \/><\/a><a href=\"https:\/\/hispanisztikaszeged.hu\/wp-content\/uploads\/2018\/01\/concursopatrimoniocult2.jpg\" target=\"_blank\"><img loading=\"lazy\" decoding=\"async\" class=\"alignnone wp-image-1014 size-medium\" src=\"https:\/\/hispanisztikaszeged.hu\/wp-content\/uploads\/2018\/01\/concursopatrimoniocult2-212x300.jpg\" alt=\"concursopatrimoniocult2\" width=\"212\" height=\"300\" srcset=\"https:\/\/hispanisztikaszeged.hu\/wp-content\/uploads\/2018\/01\/concursopatrimoniocult2-212x300.jpg 212w, https:\/\/hispanisztikaszeged.hu\/wp-content\/uploads\/2018\/01\/concursopatrimoniocult2-768x1086.jpg 768w, https:\/\/hispanisztikaszeged.hu\/wp-content\/uploads\/2018\/01\/concursopatrimoniocult2-191x270.jpg 191w, https:\/\/hispanisztikaszeged.hu\/wp-content\/uploads\/2018\/01\/concursopatrimoniocult2.jpg 794w\" sizes=\"auto, (max-width: 212px) 100vw, 212px\" \/><\/a><a href=\"https:\/\/hispanisztikaszeged.hu\/wp-content\/uploads\/2018\/01\/concursopatrimoniocult3.jpg\" target=\"_blank\"><img loading=\"lazy\" decoding=\"async\" class=\"alignnone wp-image-1015 size-medium\" src=\"https:\/\/hispanisztikaszeged.hu\/wp-content\/uploads\/2018\/01\/concursopatrimoniocult3-212x300.jpg\" alt=\"concursopatrimoniocult3\" width=\"212\" height=\"300\" srcset=\"https:\/\/hispanisztikaszeged.hu\/wp-content\/uploads\/2018\/01\/concursopatrimoniocult3-212x300.jpg 212w, https:\/\/hispanisztikaszeged.hu\/wp-content\/uploads\/2018\/01\/concursopatrimoniocult3-768x1086.jpg 768w, https:\/\/hispanisztikaszeged.hu\/wp-content\/uploads\/2018\/01\/concursopatrimoniocult3-191x270.jpg 191w, https:\/\/hispanisztikaszeged.hu\/wp-content\/uploads\/2018\/01\/concursopatrimoniocult3.jpg 794w\" sizes=\"auto, (max-width: 212px) 100vw, 212px\" \/><\/a><\/p>\n<p>&nbsp;<\/p>\n<p>&nbsp;<\/p>\n","protected":false},"excerpt":{"rendered":"<p>Spanyolorsz\u00e1g kultur\u00e1lis \u00f6r\u00f6ks\u00e9ge c\u00edmmel tansz\u00e9k\u00fcnk a budapesti Cervantes Int\u00e9zet \u00e9s a budapesti Spanyol Nagyk\u00f6vets\u00e9g Oktat\u00e1si Irod\u00e1j\u00e1nak k\u00f6zrem\u0171k\u00f6d\u00e9s\u00e9vel k\u00f6z\u00e9piskolai tanulm\u00e1nyi versenyt hirdet meg. A versenyre jelentkezni a honlapunk kezd\u0151oldal\u00e1r\u00f3l el\u00e9rhet\u0151 regisztr\u00e1ci\u00f3s linken lehet. A verseny r\u00e9szleteivel kapcsolatban Jancs\u00f3 Katalinn\u00e1l lehet \u00e9rdekl\u0151dni. <a href=\"https:\/\/hispanisztikaszeged.hu\/?p=1009\" class=\"read-more\">Read More &#8230;<\/a><\/p>\n","protected":false},"author":3,"featured_media":0,"comment_status":"closed","ping_status":"closed","sticky":false,"template":"","format":"image","meta":{"footnotes":""},"categories":[1],"tags":[],"class_list":["post-1009","post","type-post","status-publish","format-image","hentry","category-egyeb","post_format-post-format-image"],"_links":{"self":[{"href":"https:\/\/hispanisztikaszeged.hu\/index.php?rest_route=\/wp\/v2\/posts\/1009","targetHints":{"allow":["GET"]}}],"collection":[{"href":"https:\/\/hispanisztikaszeged.hu\/index.php?rest_route=\/wp\/v2\/posts"}],"about":[{"href":"https:\/\/hispanisztikaszeged.hu\/index.php?rest_route=\/wp\/v2\/types\/post"}],"author":[{"embeddable":true,"href":"https:\/\/hispanisztikaszeged.hu\/index.php?rest_route=\/wp\/v2\/users\/3"}],"replies":[{"embeddable":true,"href":"https:\/\/hispanisztikaszeged.hu\/index.php?rest_route=%2Fwp%2Fv2%2Fcomments&post=1009"}],"version-history":[{"count":11,"href":"https:\/\/hispanisztikaszeged.hu\/index.php?rest_route=\/wp\/v2\/posts\/1009\/revisions"}],"predecessor-version":[{"id":1073,"href":"https:\/\/hispanisztikaszeged.hu\/index.php?rest_route=\/wp\/v2\/posts\/1009\/revisions\/1073"}],"wp:attachment":[{"href":"https:\/\/hispanisztikaszeged.hu\/index.php?rest_route=%2Fwp%2Fv2%2Fmedia&parent=1009"}],"wp:term":[{"taxonomy":"category","embeddable":true,"href":"https:\/\/hispanisztikaszeged.hu\/index.php?rest_route=%2Fwp%2Fv2%2Fcategories&post=1009"},{"taxonomy":"post_tag","embeddable":true,"href":"https:\/\/hispanisztikaszeged.hu\/index.php?rest_route=%2Fwp%2Fv2%2Ftags&post=1009"}],"curies":[{"name":"wp","href":"https:\/\/api.w.org\/{rel}","templated":true}]}}